{"id":648,"date":"2023-12-14T14:08:54","date_gmt":"2023-12-14T11:08:54","guid":{"rendered":"https:\/\/www.konya24.com\/tr-int\/?p=648"},"modified":"2023-12-14T14:08:54","modified_gmt":"2023-12-14T11:08:54","slug":"turkiyenin-ilk-kutuphanecilik-fikir-maratonu-gerceklestirildi","status":"publish","type":"post","link":"https:\/\/www.konya24.tr\/tr-tr\/ankara\/turkiyenin-ilk-kutuphanecilik-fikir-maratonu-gerceklestirildi\/648\/","title":{"rendered":"T\u00fcrkiye\u2019nin ilk &#8220;K\u00fct\u00fcphanecilik Fikir Maratonu&#8221; ger\u00e7ekle\u015ftirildi"},"content":{"rendered":"<p>Konya B\u00fcy\u00fck\u015fehir Belediyesi Sosyal \u0130novasyon Ajans\u0131, \u00e7e\u015fitli kurulu\u015flarla i\u015f birli\u011fi halinde Ankara\u2019da, T\u00fcrkiye\u2019nin ilk K\u00fct\u00fcphanecilik Fikir Maratonu\u2019nu (Ideathon) d\u00fczenledi.<\/p>\n<p>K\u00fclt\u00fcr ve Turizm Bakanl\u0131\u011f\u0131 K\u00fct\u00fcphaneler ve Yay\u0131mlar Genel M\u00fcd\u00fcrl\u00fc\u011f\u00fc y\u00fcr\u00fct\u00fcc\u00fcl\u00fc\u011f\u00fcnde, Sosyal \u0130novasyon Ajans\u0131, T\u00fcrkiye Odalar ve Borsalar Birli\u011fi (TOBB) Kreatif End\u00fcstriler Meclisi, Ankara Kalk\u0131nma Ajans\u0131 ve Bilgi Teknolojileri ve \u0130leti\u015fim Kurumu (BTK) i\u015f birli\u011fi ile Ankara\u2019da d\u00fczenlenen maratonda, \u00fclkenin farkl\u0131 yerlerinden kat\u0131l\u0131mc\u0131lar alan\u0131nda uzman mentorler e\u015fli\u011finde bir araya geldi. <\/p>\n<p>Maraton kapsam\u0131nda ilk olarak kat\u0131l\u0131mc\u0131lara k\u00fct\u00fcphanecilik alan\u0131ndaki yeni geli\u015fmeler ve teknolojinin k\u00fct\u00fcphanecilikte kullan\u0131m\u0131 konular\u0131nda e\u011fitimler verildi. Yar\u0131\u015fma s\u00fcresince tak\u0131mlar \u201cBilgi Teknolojileri\u201d, \u2018\u2018Dezavantajl\u0131 Gruplar\u0131n Bilgi Gereksinimleri ve Eri\u015filebilirlik\u2019\u2019, \u201cGeleneksel K\u00fct\u00fcphane Hizmetlerinde Yeni Yakla\u015f\u0131mlar\u201d ve \u201cYa\u015fam Boyu \u00d6\u011frenme ve Sarg\u0131n E\u011fitimin Desteklenmesi\u201d ba\u015fl\u0131klar\u0131nda \u00e7\u00f6z\u00fcmler ve projelerini tasarlayarak j\u00fcriye sundular.<\/p>\n<p><img loading=\"lazy\" decoding=\"async\" src=\"https:\/\/www.konya24.com\/tr-int\/wp-content\/uploads\/2023\/12\/kutuphanecilik-fikir-maratonu-2.jpg\" alt=\"\" width=\"1260\" height=\"840\" class=\"alignnone size-full wp-image-650\" srcset=\"https:\/\/www.konya24.tr\/tr-tr\/wp-content\/uploads\/2023\/12\/kutuphanecilik-fikir-maratonu-2.jpg 1260w, https:\/\/www.konya24.tr\/tr-tr\/wp-content\/uploads\/2023\/12\/kutuphanecilik-fikir-maratonu-2-300x200.jpg 300w, https:\/\/www.konya24.tr\/tr-tr\/wp-content\/uploads\/2023\/12\/kutuphanecilik-fikir-maratonu-2-1024x683.jpg 1024w, https:\/\/www.konya24.tr\/tr-tr\/wp-content\/uploads\/2023\/12\/kutuphanecilik-fikir-maratonu-2-768x512.jpg 768w\" sizes=\"auto, (max-width: 1260px) 100vw, 1260px\" \/><\/p>\n<p>J\u00fcrinin yapt\u0131\u011f\u0131 de\u011ferlendirme sonras\u0131 \u201cYerelden Ye\u015file K\u00fct\u00fcphane\u2019\u2019 tak\u0131m\u0131 birinci, \u201cOkutan\u201d tak\u0131m\u0131 ikinci, \u201cDolmayan Kumbara\u201d tak\u0131m\u0131 \u00fc\u00e7\u00fcnc\u00fc olurken, \u201c\u00c7anakkale Gezici K\u00fct\u00fcphane\u201d ve \u201cK\u00fct\u00fcphaneciler 5.0\u201d tak\u0131mlar\u0131 da mansiyon \u00f6d\u00fcl\u00fc ald\u0131.<\/p>\n<p>21. y\u00fczy\u0131l\u0131n bilgi gereksinimlerine uygun olarak tasarlanm\u0131\u015f, yenilik\u00e7i, kapsay\u0131c\u0131 ve s\u00fcrd\u00fcr\u00fclebilir k\u00fct\u00fcphanecilik fikirlerinin ortaya \u00e7\u0131kar\u0131lmas\u0131 ve desteklenmesini amac\u0131yla d\u00fczenlenen maraton ile k\u00fct\u00fcphanelerin toplumun t\u00fcm kesimlerine daha iyi hizmet vermesi hedefleniyor.<\/p>\n","protected":false},"excerpt":{"rendered":"<p>Yenilik\u00e7i ve s\u00fcrd\u00fcr\u00fclebilir k\u00fct\u00fcphanecilik fikirlerinin ortaya \u00e7\u0131kar\u0131lmas\u0131 amac\u0131yla d\u00fczenlenen maraton ile k\u00fct\u00fcphanelerin toplumun t\u00fcm kesimlerine daha iyi hizmet vermesi hedefleniyor.<\/p>\n","protected":false},"author":2,"featured_media":649,"comment_status":"closed","ping_status":"open","sticky":false,"template":"","format":"standard","meta":{"footnotes":""},"categories":[96],"tags":[172,280],"class_list":["post-648","post","type-post","status-publish","format-standard","has-post-thumbnail","hentry","category-ankara","tag-konya-buyuksehir-belediyesi","tag-kutuphanecilik-fikir-maratonu"],"yoast_head":"<!-- This site is optimized with the Yoast SEO plugin v26.7 - https:\/\/yoast.com\/wordpress\/plugins\/seo\/ -->\n<title>T\u00fcrkiye\u2019nin ilk &quot;K\u00fct\u00fcphanecilik Fikir Maratonu&quot; ger\u00e7ekle\u015ftirildi<\/title>\n<meta name=\"description\" content=\"Yenilik\u00e7i ve s\u00fcrd\u00fcr\u00fclebilir k\u00fct\u00fcphanecilik fikirlerinin ortaya \u00e7\u0131kar\u0131lmas\u0131 amac\u0131yla d\u00fczenlenen maraton ile k\u00fct\u00fcphanelerin toplumun t\u00fcm kesimlerine daha iyi hizmet vermesi hedefleniyor.\" \/>\n<meta name=\"robots\" content=\"index, follow, max-snippet:-1, max-image-preview:large, max-video-preview:-1\" \/>\n<link rel=\"canonical\" href=\"https:\/\/www.konya24.tr\/tr-tr\/ankara\/turkiyenin-ilk-kutuphanecilik-fikir-maratonu-gerceklestirildi\/648\/\" \/>\n<meta property=\"og:locale\" content=\"tr_TR\" \/>\n<meta property=\"og:type\" content=\"article\" \/>\n<meta property=\"og:title\" content=\"T\u00fcrkiye\u2019nin ilk &quot;K\u00fct\u00fcphanecilik Fikir Maratonu&quot; ger\u00e7ekle\u015ftirildi\" \/>\n<meta property=\"og:description\" content=\"Yenilik\u00e7i ve s\u00fcrd\u00fcr\u00fclebilir k\u00fct\u00fcphanecilik fikirlerinin ortaya \u00e7\u0131kar\u0131lmas\u0131 amac\u0131yla d\u00fczenlenen maraton ile k\u00fct\u00fcphanelerin toplumun t\u00fcm kesimlerine daha iyi hizmet vermesi hedefleniyor.\" \/>\n<meta property=\"og:url\" content=\"https:\/\/www.konya24.tr\/tr-tr\/ankara\/turkiyenin-ilk-kutuphanecilik-fikir-maratonu-gerceklestirildi\/648\/\" \/>\n<meta property=\"og:site_name\" content=\"Konya 24\" \/>\n<meta property=\"article:published_time\" content=\"2023-12-14T11:08:54+00:00\" \/>\n<meta property=\"og:image\" content=\"https:\/\/www.konya24.tr\/tr-tr\/wp-content\/uploads\/2023\/12\/kutuphanecilik-fikir-maratonu-1.jpg\" \/>\n\t<meta property=\"og:image:width\" content=\"1260\" \/>\n\t<meta property=\"og:image:height\" content=\"840\" \/>\n\t<meta property=\"og:image:type\" content=\"image\/jpeg\" \/>\n<meta name=\"author\" content=\"Konya 24\" \/>\n<meta name=\"twitter:card\" content=\"summary_large_image\" \/>\n<meta name=\"twitter:label1\" content=\"Yazan:\" \/>\n\t<meta name=\"twitter:data1\" content=\"Konya 24\" \/>\n\t<meta name=\"twitter:label2\" content=\"Tahmini okuma s\u00fcresi\" \/>\n\t<meta name=\"twitter:data2\" content=\"1 dakika\" \/>\n<script type=\"application\/ld+json\" class=\"yoast-schema-graph\">{\"@context\":\"https:\/\/schema.org\",\"@graph\":[{\"@type\":\"NewsArticle\",\"@id\":\"https:\/\/www.konya24.tr\/tr-tr\/ankara\/turkiyenin-ilk-kutuphanecilik-fikir-maratonu-gerceklestirildi\/648\/#article\",\"isPartOf\":{\"@id\":\"https:\/\/www.konya24.tr\/tr-tr\/ankara\/turkiyenin-ilk-kutuphanecilik-fikir-maratonu-gerceklestirildi\/648\/\"},\"author\":{\"name\":\"Konya 24\",\"@id\":\"https:\/\/www.konya24.tr\/tr-tr\/#\/schema\/person\/0d4deebf113163e10fdef462de07d997\"},\"headline\":\"T\u00fcrkiye\u2019nin ilk &#8220;K\u00fct\u00fcphanecilik Fikir Maratonu&#8221; ger\u00e7ekle\u015ftirildi\",\"datePublished\":\"2023-12-14T11:08:54+00:00\",\"mainEntityOfPage\":{\"@id\":\"https:\/\/www.konya24.tr\/tr-tr\/ankara\/turkiyenin-ilk-kutuphanecilik-fikir-maratonu-gerceklestirildi\/648\/\"},\"wordCount\":281,\"publisher\":{\"@id\":\"https:\/\/www.konya24.tr\/tr-tr\/#organization\"},\"image\":{\"@id\":\"https:\/\/www.konya24.tr\/tr-tr\/ankara\/turkiyenin-ilk-kutuphanecilik-fikir-maratonu-gerceklestirildi\/648\/#primaryimage\"},\"thumbnailUrl\":\"https:\/\/www.konya24.tr\/tr-tr\/wp-content\/uploads\/2023\/12\/kutuphanecilik-fikir-maratonu-1.jpg\",\"keywords\":[\"Konya B\u00fcy\u00fck\u015fehir Belediyesi\",\"K\u00fct\u00fcphanecilik Fikir Maratonu\"],\"articleSection\":[\"Ankara\"],\"inLanguage\":\"tr\"},{\"@type\":\"WebPage\",\"@id\":\"https:\/\/www.konya24.tr\/tr-tr\/ankara\/turkiyenin-ilk-kutuphanecilik-fikir-maratonu-gerceklestirildi\/648\/\",\"url\":\"https:\/\/www.konya24.tr\/tr-tr\/ankara\/turkiyenin-ilk-kutuphanecilik-fikir-maratonu-gerceklestirildi\/648\/\",\"name\":\"T\u00fcrkiye\u2019nin ilk \\\"K\u00fct\u00fcphanecilik Fikir Maratonu\\\" ger\u00e7ekle\u015ftirildi\",\"isPartOf\":{\"@id\":\"https:\/\/www.konya24.tr\/tr-tr\/#website\"},\"primaryImageOfPage\":{\"@id\":\"https:\/\/www.konya24.tr\/tr-tr\/ankara\/turkiyenin-ilk-kutuphanecilik-fikir-maratonu-gerceklestirildi\/648\/#primaryimage\"},\"image\":{\"@id\":\"https:\/\/www.konya24.tr\/tr-tr\/ankara\/turkiyenin-ilk-kutuphanecilik-fikir-maratonu-gerceklestirildi\/648\/#primaryimage\"},\"thumbnailUrl\":\"https:\/\/www.konya24.tr\/tr-tr\/wp-content\/uploads\/2023\/12\/kutuphanecilik-fikir-maratonu-1.jpg\",\"datePublished\":\"2023-12-14T11:08:54+00:00\",\"description\":\"Yenilik\u00e7i ve s\u00fcrd\u00fcr\u00fclebilir k\u00fct\u00fcphanecilik fikirlerinin ortaya \u00e7\u0131kar\u0131lmas\u0131 amac\u0131yla d\u00fczenlenen maraton ile k\u00fct\u00fcphanelerin toplumun t\u00fcm kesimlerine daha iyi hizmet vermesi hedefleniyor.\",\"breadcrumb\":{\"@id\":\"https:\/\/www.konya24.tr\/tr-tr\/ankara\/turkiyenin-ilk-kutuphanecilik-fikir-maratonu-gerceklestirildi\/648\/#breadcrumb\"},\"inLanguage\":\"tr\",\"potentialAction\":[{\"@type\":\"ReadAction\",\"target\":[\"https:\/\/www.konya24.tr\/tr-tr\/ankara\/turkiyenin-ilk-kutuphanecilik-fikir-maratonu-gerceklestirildi\/648\/\"]}]},{\"@type\":\"ImageObject\",\"inLanguage\":\"tr\",\"@id\":\"https:\/\/www.konya24.tr\/tr-tr\/ankara\/turkiyenin-ilk-kutuphanecilik-fikir-maratonu-gerceklestirildi\/648\/#primaryimage\",\"url\":\"https:\/\/www.konya24.tr\/tr-tr\/wp-content\/uploads\/2023\/12\/kutuphanecilik-fikir-maratonu-1.jpg\",\"contentUrl\":\"https:\/\/www.konya24.tr\/tr-tr\/wp-content\/uploads\/2023\/12\/kutuphanecilik-fikir-maratonu-1.jpg\",\"width\":1260,\"height\":840},{\"@type\":\"BreadcrumbList\",\"@id\":\"https:\/\/www.konya24.tr\/tr-tr\/ankara\/turkiyenin-ilk-kutuphanecilik-fikir-maratonu-gerceklestirildi\/648\/#breadcrumb\",\"itemListElement\":[{\"@type\":\"ListItem\",\"position\":1,\"name\":\"Home\",\"item\":\"https:\/\/www.konya24.tr\/tr-tr\/\"},{\"@type\":\"ListItem\",\"position\":2,\"name\":\"T\u00fcrkiye\u2019nin ilk &#8220;K\u00fct\u00fcphanecilik Fikir Maratonu&#8221; ger\u00e7ekle\u015ftirildi\"}]},{\"@type\":\"WebSite\",\"@id\":\"https:\/\/www.konya24.tr\/tr-tr\/#website\",\"url\":\"https:\/\/www.konya24.tr\/tr-tr\/\",\"name\":\"Konya 24\",\"description\":\"\",\"publisher\":{\"@id\":\"https:\/\/www.konya24.tr\/tr-tr\/#organization\"},\"potentialAction\":[{\"@type\":\"SearchAction\",\"target\":{\"@type\":\"EntryPoint\",\"urlTemplate\":\"https:\/\/www.konya24.tr\/tr-tr\/?s={search_term_string}\"},\"query-input\":{\"@type\":\"PropertyValueSpecification\",\"valueRequired\":true,\"valueName\":\"search_term_string\"}}],\"inLanguage\":\"tr\"},{\"@type\":\"Organization\",\"@id\":\"https:\/\/www.konya24.tr\/tr-tr\/#organization\",\"name\":\"Konya 24\",\"url\":\"https:\/\/www.konya24.tr\/tr-tr\/\",\"logo\":{\"@type\":\"ImageObject\",\"inLanguage\":\"tr\",\"@id\":\"https:\/\/www.konya24.tr\/tr-tr\/#\/schema\/logo\/image\/\",\"url\":\"https:\/\/www.konya24.tr\/tr-tr\/wp-content\/uploads\/2023\/11\/konya-24-logo-228-x-100-acik.png\",\"contentUrl\":\"https:\/\/www.konya24.tr\/tr-tr\/wp-content\/uploads\/2023\/11\/konya-24-logo-228-x-100-acik.png\",\"width\":228,\"height\":100,\"caption\":\"Konya 24\"},\"image\":{\"@id\":\"https:\/\/www.konya24.tr\/tr-tr\/#\/schema\/logo\/image\/\"}},{\"@type\":\"Person\",\"@id\":\"https:\/\/www.konya24.tr\/tr-tr\/#\/schema\/person\/0d4deebf113163e10fdef462de07d997\",\"name\":\"Konya 24\",\"url\":\"https:\/\/www.konya24.tr\/tr-tr\/author\/konya24\/\"}]}<\/script>\n<!-- \/ Yoast SEO plugin. -->","yoast_head_json":{"title":"T\u00fcrkiye\u2019nin ilk \"K\u00fct\u00fcphanecilik Fikir Maratonu\" ger\u00e7ekle\u015ftirildi","description":"Yenilik\u00e7i ve s\u00fcrd\u00fcr\u00fclebilir k\u00fct\u00fcphanecilik fikirlerinin ortaya \u00e7\u0131kar\u0131lmas\u0131 amac\u0131yla d\u00fczenlenen maraton ile k\u00fct\u00fcphanelerin toplumun t\u00fcm kesimlerine daha iyi hizmet vermesi hedefleniyor.","robots":{"index":"index","follow":"follow","max-snippet":"max-snippet:-1","max-image-preview":"max-image-preview:large","max-video-preview":"max-video-preview:-1"},"canonical":"https:\/\/www.konya24.tr\/tr-tr\/ankara\/turkiyenin-ilk-kutuphanecilik-fikir-maratonu-gerceklestirildi\/648\/","og_locale":"tr_TR","og_type":"article","og_title":"T\u00fcrkiye\u2019nin ilk \"K\u00fct\u00fcphanecilik Fikir Maratonu\" ger\u00e7ekle\u015ftirildi","og_description":"Yenilik\u00e7i ve s\u00fcrd\u00fcr\u00fclebilir k\u00fct\u00fcphanecilik fikirlerinin ortaya \u00e7\u0131kar\u0131lmas\u0131 amac\u0131yla d\u00fczenlenen maraton ile k\u00fct\u00fcphanelerin toplumun t\u00fcm kesimlerine daha iyi hizmet vermesi hedefleniyor.","og_url":"https:\/\/www.konya24.tr\/tr-tr\/ankara\/turkiyenin-ilk-kutuphanecilik-fikir-maratonu-gerceklestirildi\/648\/","og_site_name":"Konya 24","article_published_time":"2023-12-14T11:08:54+00:00","og_image":[{"width":1260,"height":840,"url":"https:\/\/www.konya24.tr\/tr-tr\/wp-content\/uploads\/2023\/12\/kutuphanecilik-fikir-maratonu-1.jpg","type":"image\/jpeg"}],"author":"Konya 24","twitter_card":"summary_large_image","twitter_misc":{"Yazan:":"Konya 24","Tahmini okuma s\u00fcresi":"1 dakika"},"schema":{"@context":"https:\/\/schema.org","@graph":[{"@type":"NewsArticle","@id":"https:\/\/www.konya24.tr\/tr-tr\/ankara\/turkiyenin-ilk-kutuphanecilik-fikir-maratonu-gerceklestirildi\/648\/#article","isPartOf":{"@id":"https:\/\/www.konya24.tr\/tr-tr\/ankara\/turkiyenin-ilk-kutuphanecilik-fikir-maratonu-gerceklestirildi\/648\/"},"author":{"name":"Konya 24","@id":"https:\/\/www.konya24.tr\/tr-tr\/#\/schema\/person\/0d4deebf113163e10fdef462de07d997"},"headline":"T\u00fcrkiye\u2019nin ilk &#8220;K\u00fct\u00fcphanecilik Fikir Maratonu&#8221; ger\u00e7ekle\u015ftirildi","datePublished":"2023-12-14T11:08:54+00:00","mainEntityOfPage":{"@id":"https:\/\/www.konya24.tr\/tr-tr\/ankara\/turkiyenin-ilk-kutuphanecilik-fikir-maratonu-gerceklestirildi\/648\/"},"wordCount":281,"publisher":{"@id":"https:\/\/www.konya24.tr\/tr-tr\/#organization"},"image":{"@id":"https:\/\/www.konya24.tr\/tr-tr\/ankara\/turkiyenin-ilk-kutuphanecilik-fikir-maratonu-gerceklestirildi\/648\/#primaryimage"},"thumbnailUrl":"https:\/\/www.konya24.tr\/tr-tr\/wp-content\/uploads\/2023\/12\/kutuphanecilik-fikir-maratonu-1.jpg","keywords":["Konya B\u00fcy\u00fck\u015fehir Belediyesi","K\u00fct\u00fcphanecilik Fikir Maratonu"],"articleSection":["Ankara"],"inLanguage":"tr"},{"@type":"WebPage","@id":"https:\/\/www.konya24.tr\/tr-tr\/ankara\/turkiyenin-ilk-kutuphanecilik-fikir-maratonu-gerceklestirildi\/648\/","url":"https:\/\/www.konya24.tr\/tr-tr\/ankara\/turkiyenin-ilk-kutuphanecilik-fikir-maratonu-gerceklestirildi\/648\/","name":"T\u00fcrkiye\u2019nin ilk \"K\u00fct\u00fcphanecilik Fikir Maratonu\" ger\u00e7ekle\u015ftirildi","isPartOf":{"@id":"https:\/\/www.konya24.tr\/tr-tr\/#website"},"primaryImageOfPage":{"@id":"https:\/\/www.konya24.tr\/tr-tr\/ankara\/turkiyenin-ilk-kutuphanecilik-fikir-maratonu-gerceklestirildi\/648\/#primaryimage"},"image":{"@id":"https:\/\/www.konya24.tr\/tr-tr\/ankara\/turkiyenin-ilk-kutuphanecilik-fikir-maratonu-gerceklestirildi\/648\/#primaryimage"},"thumbnailUrl":"https:\/\/www.konya24.tr\/tr-tr\/wp-content\/uploads\/2023\/12\/kutuphanecilik-fikir-maratonu-1.jpg","datePublished":"2023-12-14T11:08:54+00:00","description":"Yenilik\u00e7i ve s\u00fcrd\u00fcr\u00fclebilir k\u00fct\u00fcphanecilik fikirlerinin ortaya \u00e7\u0131kar\u0131lmas\u0131 amac\u0131yla d\u00fczenlenen maraton ile k\u00fct\u00fcphanelerin toplumun t\u00fcm kesimlerine daha iyi hizmet vermesi hedefleniyor.","breadcrumb":{"@id":"https:\/\/www.konya24.tr\/tr-tr\/ankara\/turkiyenin-ilk-kutuphanecilik-fikir-maratonu-gerceklestirildi\/648\/#breadcrumb"},"inLanguage":"tr","potentialAction":[{"@type":"ReadAction","target":["https:\/\/www.konya24.tr\/tr-tr\/ankara\/turkiyenin-ilk-kutuphanecilik-fikir-maratonu-gerceklestirildi\/648\/"]}]},{"@type":"ImageObject","inLanguage":"tr","@id":"https:\/\/www.konya24.tr\/tr-tr\/ankara\/turkiyenin-ilk-kutuphanecilik-fikir-maratonu-gerceklestirildi\/648\/#primaryimage","url":"https:\/\/www.konya24.tr\/tr-tr\/wp-content\/uploads\/2023\/12\/kutuphanecilik-fikir-maratonu-1.jpg","contentUrl":"https:\/\/www.konya24.tr\/tr-tr\/wp-content\/uploads\/2023\/12\/kutuphanecilik-fikir-maratonu-1.jpg","width":1260,"height":840},{"@type":"BreadcrumbList","@id":"https:\/\/www.konya24.tr\/tr-tr\/ankara\/turkiyenin-ilk-kutuphanecilik-fikir-maratonu-gerceklestirildi\/648\/#breadcrumb","itemListElement":[{"@type":"ListItem","position":1,"name":"Home","item":"https:\/\/www.konya24.tr\/tr-tr\/"},{"@type":"ListItem","position":2,"name":"T\u00fcrkiye\u2019nin ilk &#8220;K\u00fct\u00fcphanecilik Fikir Maratonu&#8221; ger\u00e7ekle\u015ftirildi"}]},{"@type":"WebSite","@id":"https:\/\/www.konya24.tr\/tr-tr\/#website","url":"https:\/\/www.konya24.tr\/tr-tr\/","name":"Konya 24","description":"","publisher":{"@id":"https:\/\/www.konya24.tr\/tr-tr\/#organization"},"potentialAction":[{"@type":"SearchAction","target":{"@type":"EntryPoint","urlTemplate":"https:\/\/www.konya24.tr\/tr-tr\/?s={search_term_string}"},"query-input":{"@type":"PropertyValueSpecification","valueRequired":true,"valueName":"search_term_string"}}],"inLanguage":"tr"},{"@type":"Organization","@id":"https:\/\/www.konya24.tr\/tr-tr\/#organization","name":"Konya 24","url":"https:\/\/www.konya24.tr\/tr-tr\/","logo":{"@type":"ImageObject","inLanguage":"tr","@id":"https:\/\/www.konya24.tr\/tr-tr\/#\/schema\/logo\/image\/","url":"https:\/\/www.konya24.tr\/tr-tr\/wp-content\/uploads\/2023\/11\/konya-24-logo-228-x-100-acik.png","contentUrl":"https:\/\/www.konya24.tr\/tr-tr\/wp-content\/uploads\/2023\/11\/konya-24-logo-228-x-100-acik.png","width":228,"height":100,"caption":"Konya 24"},"image":{"@id":"https:\/\/www.konya24.tr\/tr-tr\/#\/schema\/logo\/image\/"}},{"@type":"Person","@id":"https:\/\/www.konya24.tr\/tr-tr\/#\/schema\/person\/0d4deebf113163e10fdef462de07d997","name":"Konya 24","url":"https:\/\/www.konya24.tr\/tr-tr\/author\/konya24\/"}]}},"_links":{"self":[{"href":"https:\/\/www.konya24.tr\/tr-tr\/wp-json\/wp\/v2\/posts\/648","targetHints":{"allow":["GET"]}}],"collection":[{"href":"https:\/\/www.konya24.tr\/tr-tr\/wp-json\/wp\/v2\/posts"}],"about":[{"href":"https:\/\/www.konya24.tr\/tr-tr\/wp-json\/wp\/v2\/types\/post"}],"author":[{"embeddable":true,"href":"https:\/\/www.konya24.tr\/tr-tr\/wp-json\/wp\/v2\/users\/2"}],"replies":[{"embeddable":true,"href":"https:\/\/www.konya24.tr\/tr-tr\/wp-json\/wp\/v2\/comments?post=648"}],"version-history":[{"count":0,"href":"https:\/\/www.konya24.tr\/tr-tr\/wp-json\/wp\/v2\/posts\/648\/revisions"}],"wp:featuredmedia":[{"embeddable":true,"href":"https:\/\/www.konya24.tr\/tr-tr\/wp-json\/wp\/v2\/media\/649"}],"wp:attachment":[{"href":"https:\/\/www.konya24.tr\/tr-tr\/wp-json\/wp\/v2\/media?parent=648"}],"wp:term":[{"taxonomy":"category","embeddable":true,"href":"https:\/\/www.konya24.tr\/tr-tr\/wp-json\/wp\/v2\/categories?post=648"},{"taxonomy":"post_tag","embeddable":true,"href":"https:\/\/www.konya24.tr\/tr-tr\/wp-json\/wp\/v2\/tags?post=648"}],"curies":[{"name":"wp","href":"https:\/\/api.w.org\/{rel}","templated":true}]}}