{"id":922,"date":"2024-01-09T22:39:56","date_gmt":"2024-01-09T19:39:56","guid":{"rendered":"https:\/\/www.konya24.com\/tr-int\/?p=922"},"modified":"2024-01-10T15:39:21","modified_gmt":"2024-01-10T12:39:21","slug":"konya-buyuksehir-belediye-baskani-altaydan-calisan-gazeteciler-gunu-mesaji","status":"publish","type":"post","link":"https:\/\/www.konya24.tr\/tr-tr\/konya\/konya-buyuksehir-belediye-baskani-altaydan-calisan-gazeteciler-gunu-mesaji\/922\/","title":{"rendered":"Konya B\u00fcy\u00fck\u015fehir Belediye Ba\u015fkan\u0131 Altay\u2019dan \u00c7al\u0131\u015fan Gazeteciler G\u00fcn\u00fc mesaj\u0131"},"content":{"rendered":"<p>Konya B\u00fcy\u00fck\u015fehir Belediye Ba\u015fkan\u0131 U\u011fur \u0130brahim Altay, 10 Ocak \u00c7al\u0131\u015fan Gazeteciler G\u00fcn\u00fc vesilesiyle t\u00fcm bir mesaj yay\u0131mlad\u0131.<\/p>\n<p>Ba\u015fkan Altay\u2019\u0131n mesaj\u0131 \u015f\u00f6yle:<\/p>\n<p>\u201cGazetecilerimiz; bir taraftan haber alma hak ve h\u00fcrriyetini sa\u011flayarak demokrasimizin en temel s\u00fcre\u00e7lerinden birini yerine getirirken, di\u011fer taraftan kamuoyunu \u015feffafl\u0131k ve tarafs\u0131zl\u0131k ilkesiyle ayd\u0131nlatarak son derece \u00f6nemli ve me\u015fakkatli bir g\u00f6revi icra etmektedir.<\/p>\n<p>As\u0131rlar boyu sosyal hayat\u0131m\u0131z\u0131n merkezinde yer alan gazetecilik mesle\u011fi; milletimizin de\u011fer ve hassasiyetlerine \u0131\u015f\u0131k tutarak, milli bilin\u00e7 ve davran\u0131\u015flar\u0131m\u0131z\u0131 da en do\u011fru \u015fekilde in\u015fa etmeye devam etmektedir.<\/p>\n<p>\u00d6zellikle k\u00f6kl\u00fc bir ge\u00e7mi\u015fe sahip Konya bas\u0131n\u0131; ilkeli, tarafs\u0131z, milli de\u011ferlerimizden asla taviz vermeden \u00e7al\u0131\u015farak sekt\u00f6rde herkesin g\u0131pta etti\u011fi bir duru\u015f sergilemektedir.<\/p>\n<p>Bizler eser siyasetimizin en g\u00fczel \u00f6rneklerini \u015fehrimize kazand\u0131r\u0131rken, bas\u0131n mensuplar\u0131m\u0131z da bu gayretlerimizi kamuoyu ile payla\u015farak Konya\u2019m\u0131z\u0131n yar\u0131nlara g\u00fc\u00e7l\u00fc bir \u015fekilde y\u00fcr\u00fcmesine katk\u0131 sa\u011flamaktad\u0131r.<\/p>\n<p>Bununla birlikte gazetecilerimiz; 6 \u015eubat\u2019ta asr\u0131n en b\u00fcy\u00fck felaketiyle sars\u0131ld\u0131\u011f\u0131m\u0131z depremlerde, insan\u00fcst\u00fc bir gayretle \u00e7al\u0131\u015farak ve geli\u015fmeleri halk\u0131m\u0131zla payla\u015farak etkili bir ileti\u015fim ve koordinasyon imk\u00e2n\u0131 olu\u015fturmu\u015ftur.<\/p>\n<p>Yine, ba\u015fta Gazze olmak \u00fczere mazlum co\u011frafyalar\u0131n d\u00f6rt bir noktas\u0131nda canlar\u0131n\u0131 tehlikeye atarak b\u00fcy\u00fck bir \u00f6zveri ile g\u00f6rev yapan gazetecilerimiz, yerel halk\u0131n ac\u0131 ve g\u00f6zya\u015flar\u0131n\u0131 d\u00fcnyayla bulu\u015fturmu\u015f, t\u00fcm insanl\u0131\u011f\u0131n ortak vicdan\u0131, ortak sesi olmu\u015ftur.<\/p>\n<p>Bu d\u00fc\u015f\u00fcncelerle gazetecilik ahlak ve ilkelerini g\u00f6n\u00fcllerine i\u015fleyerek, \u00fczerine d\u00fc\u015fen sorumlulu\u011fu hakk\u0131yla yerine getiren t\u00fcm gazetecilerimize te\u015fekk\u00fcr ediyorum.<\/p>\n<p>T\u00fcm bas\u0131n \u00e7al\u0131\u015fanlar\u0131m\u0131z\u0131n 10 Ocak \u00c7al\u0131\u015fan Gazeteciler G\u00fcn\u00fc\u2019n\u00fc kutluyorum. Ebediyete irtihal eden bas\u0131n mensuplar\u0131m\u0131z\u0131 da rahmetle an\u0131yorum.\u201d<\/p>\n","protected":false},"excerpt":{"rendered":"<p>Konya B\u00fcy\u00fck\u015fehir Belediye Ba\u015fkan\u0131 U\u011fur \u0130brahim Altay, 10 Ocak \u00c7al\u0131\u015fan Gazeteciler G\u00fcn\u00fc dolay\u0131s\u0131yla mesaj payla\u015ft\u0131<\/p>\n","protected":false},"author":4,"featured_media":808,"comment_status":"closed","ping_status":"open","sticky":false,"template":"","format":"standard","meta":{"footnotes":""},"categories":[8],"tags":[172,173],"class_list":["post-922","post","type-post","status-publish","format-standard","has-post-thumbnail","hentry","category-konya","tag-konya-buyuksehir-belediyesi","tag-ugur-ibrahim-altay"],"yoast_head":"<!-- This site is optimized with the Yoast SEO plugin v26.7 - https:\/\/yoast.com\/wordpress\/plugins\/seo\/ -->\n<title>Konya B\u00fcy\u00fck\u015fehir Belediye Ba\u015fkan\u0131 Altay\u2019dan \u00c7al\u0131\u015fan Gazeteciler G\u00fcn\u00fc mesaj\u0131<\/title>\n<meta name=\"description\" content=\"Konya B\u00fcy\u00fck\u015fehir Belediye Ba\u015fkan\u0131 U\u011fur \u0130brahim Altay, 10 Ocak \u00c7al\u0131\u015fan Gazeteciler G\u00fcn\u00fc dolay\u0131s\u0131yla mesaj payla\u015ft\u0131\" \/>\n<meta name=\"robots\" content=\"index, follow, max-snippet:-1, max-image-preview:large, max-video-preview:-1\" \/>\n<link rel=\"canonical\" href=\"https:\/\/www.konya24.tr\/tr-tr\/konya\/konya-buyuksehir-belediye-baskani-altaydan-calisan-gazeteciler-gunu-mesaji\/922\/\" \/>\n<meta property=\"og:locale\" content=\"tr_TR\" \/>\n<meta property=\"og:type\" content=\"article\" \/>\n<meta property=\"og:title\" content=\"Konya B\u00fcy\u00fck\u015fehir Belediye Ba\u015fkan\u0131 Altay\u2019dan \u00c7al\u0131\u015fan Gazeteciler G\u00fcn\u00fc mesaj\u0131\" \/>\n<meta property=\"og:description\" content=\"Konya B\u00fcy\u00fck\u015fehir Belediye Ba\u015fkan\u0131 U\u011fur \u0130brahim Altay, 10 Ocak \u00c7al\u0131\u015fan Gazeteciler G\u00fcn\u00fc dolay\u0131s\u0131yla mesaj payla\u015ft\u0131\" \/>\n<meta property=\"og:url\" content=\"https:\/\/www.konya24.tr\/tr-tr\/konya\/konya-buyuksehir-belediye-baskani-altaydan-calisan-gazeteciler-gunu-mesaji\/922\/\" \/>\n<meta property=\"og:site_name\" content=\"Konya 24\" \/>\n<meta property=\"article:published_time\" content=\"2024-01-09T19:39:56+00:00\" \/>\n<meta property=\"article:modified_time\" content=\"2024-01-10T12:39:21+00:00\" \/>\n<meta property=\"og:image\" content=\"https:\/\/www.konya24.tr\/tr-tr\/wp-content\/uploads\/2024\/01\/altay.jpg\" \/>\n\t<meta property=\"og:image:width\" content=\"1280\" \/>\n\t<meta property=\"og:image:height\" content=\"853\" \/>\n\t<meta property=\"og:image:type\" content=\"image\/jpeg\" \/>\n<meta name=\"author\" content=\"Haber Merkezi\" \/>\n<meta name=\"twitter:card\" content=\"summary_large_image\" \/>\n<meta name=\"twitter:label1\" content=\"Yazan:\" \/>\n\t<meta name=\"twitter:data1\" content=\"Haber Merkezi\" \/>\n\t<meta name=\"twitter:label2\" content=\"Tahmini okuma s\u00fcresi\" \/>\n\t<meta name=\"twitter:data2\" content=\"2 dakika\" \/>\n<script type=\"application\/ld+json\" class=\"yoast-schema-graph\">{\"@context\":\"https:\/\/schema.org\",\"@graph\":[{\"@type\":\"NewsArticle\",\"@id\":\"https:\/\/www.konya24.tr\/tr-tr\/konya\/konya-buyuksehir-belediye-baskani-altaydan-calisan-gazeteciler-gunu-mesaji\/922\/#article\",\"isPartOf\":{\"@id\":\"https:\/\/www.konya24.tr\/tr-tr\/konya\/konya-buyuksehir-belediye-baskani-altaydan-calisan-gazeteciler-gunu-mesaji\/922\/\"},\"author\":{\"name\":\"Haber Merkezi\",\"@id\":\"https:\/\/www.konya24.tr\/tr-tr\/#\/schema\/person\/58d17f4d446be3e5e190d1735ca8c718\"},\"headline\":\"Konya B\u00fcy\u00fck\u015fehir Belediye Ba\u015fkan\u0131 Altay\u2019dan \u00c7al\u0131\u015fan Gazeteciler G\u00fcn\u00fc mesaj\u0131\",\"datePublished\":\"2024-01-09T19:39:56+00:00\",\"dateModified\":\"2024-01-10T12:39:21+00:00\",\"mainEntityOfPage\":{\"@id\":\"https:\/\/www.konya24.tr\/tr-tr\/konya\/konya-buyuksehir-belediye-baskani-altaydan-calisan-gazeteciler-gunu-mesaji\/922\/\"},\"wordCount\":352,\"publisher\":{\"@id\":\"https:\/\/www.konya24.tr\/tr-tr\/#organization\"},\"image\":{\"@id\":\"https:\/\/www.konya24.tr\/tr-tr\/konya\/konya-buyuksehir-belediye-baskani-altaydan-calisan-gazeteciler-gunu-mesaji\/922\/#primaryimage\"},\"thumbnailUrl\":\"https:\/\/www.konya24.tr\/tr-tr\/wp-content\/uploads\/2024\/01\/altay.jpg\",\"keywords\":[\"Konya B\u00fcy\u00fck\u015fehir Belediyesi\",\"U\u011fur \u0130brahim Altay\"],\"articleSection\":[\"Konya\"],\"inLanguage\":\"tr\"},{\"@type\":\"WebPage\",\"@id\":\"https:\/\/www.konya24.tr\/tr-tr\/konya\/konya-buyuksehir-belediye-baskani-altaydan-calisan-gazeteciler-gunu-mesaji\/922\/\",\"url\":\"https:\/\/www.konya24.tr\/tr-tr\/konya\/konya-buyuksehir-belediye-baskani-altaydan-calisan-gazeteciler-gunu-mesaji\/922\/\",\"name\":\"Konya B\u00fcy\u00fck\u015fehir Belediye Ba\u015fkan\u0131 Altay\u2019dan \u00c7al\u0131\u015fan Gazeteciler G\u00fcn\u00fc mesaj\u0131\",\"isPartOf\":{\"@id\":\"https:\/\/www.konya24.tr\/tr-tr\/#website\"},\"primaryImageOfPage\":{\"@id\":\"https:\/\/www.konya24.tr\/tr-tr\/konya\/konya-buyuksehir-belediye-baskani-altaydan-calisan-gazeteciler-gunu-mesaji\/922\/#primaryimage\"},\"image\":{\"@id\":\"https:\/\/www.konya24.tr\/tr-tr\/konya\/konya-buyuksehir-belediye-baskani-altaydan-calisan-gazeteciler-gunu-mesaji\/922\/#primaryimage\"},\"thumbnailUrl\":\"https:\/\/www.konya24.tr\/tr-tr\/wp-content\/uploads\/2024\/01\/altay.jpg\",\"datePublished\":\"2024-01-09T19:39:56+00:00\",\"dateModified\":\"2024-01-10T12:39:21+00:00\",\"description\":\"Konya B\u00fcy\u00fck\u015fehir Belediye Ba\u015fkan\u0131 U\u011fur \u0130brahim Altay, 10 Ocak \u00c7al\u0131\u015fan Gazeteciler G\u00fcn\u00fc dolay\u0131s\u0131yla mesaj payla\u015ft\u0131\",\"breadcrumb\":{\"@id\":\"https:\/\/www.konya24.tr\/tr-tr\/konya\/konya-buyuksehir-belediye-baskani-altaydan-calisan-gazeteciler-gunu-mesaji\/922\/#breadcrumb\"},\"inLanguage\":\"tr\",\"potentialAction\":[{\"@type\":\"ReadAction\",\"target\":[\"https:\/\/www.konya24.tr\/tr-tr\/konya\/konya-buyuksehir-belediye-baskani-altaydan-calisan-gazeteciler-gunu-mesaji\/922\/\"]}]},{\"@type\":\"ImageObject\",\"inLanguage\":\"tr\",\"@id\":\"https:\/\/www.konya24.tr\/tr-tr\/konya\/konya-buyuksehir-belediye-baskani-altaydan-calisan-gazeteciler-gunu-mesaji\/922\/#primaryimage\",\"url\":\"https:\/\/www.konya24.tr\/tr-tr\/wp-content\/uploads\/2024\/01\/altay.jpg\",\"contentUrl\":\"https:\/\/www.konya24.tr\/tr-tr\/wp-content\/uploads\/2024\/01\/altay.jpg\",\"width\":1280,\"height\":853},{\"@type\":\"BreadcrumbList\",\"@id\":\"https:\/\/www.konya24.tr\/tr-tr\/konya\/konya-buyuksehir-belediye-baskani-altaydan-calisan-gazeteciler-gunu-mesaji\/922\/#breadcrumb\",\"itemListElement\":[{\"@type\":\"ListItem\",\"position\":1,\"name\":\"Home\",\"item\":\"https:\/\/www.konya24.tr\/tr-tr\/\"},{\"@type\":\"ListItem\",\"position\":2,\"name\":\"Konya B\u00fcy\u00fck\u015fehir Belediye Ba\u015fkan\u0131 Altay\u2019dan \u00c7al\u0131\u015fan Gazeteciler G\u00fcn\u00fc mesaj\u0131\"}]},{\"@type\":\"WebSite\",\"@id\":\"https:\/\/www.konya24.tr\/tr-tr\/#website\",\"url\":\"https:\/\/www.konya24.tr\/tr-tr\/\",\"name\":\"Konya 24\",\"description\":\"\",\"publisher\":{\"@id\":\"https:\/\/www.konya24.tr\/tr-tr\/#organization\"},\"potentialAction\":[{\"@type\":\"SearchAction\",\"target\":{\"@type\":\"EntryPoint\",\"urlTemplate\":\"https:\/\/www.konya24.tr\/tr-tr\/?s={search_term_string}\"},\"query-input\":{\"@type\":\"PropertyValueSpecification\",\"valueRequired\":true,\"valueName\":\"search_term_string\"}}],\"inLanguage\":\"tr\"},{\"@type\":\"Organization\",\"@id\":\"https:\/\/www.konya24.tr\/tr-tr\/#organization\",\"name\":\"Konya 24\",\"url\":\"https:\/\/www.konya24.tr\/tr-tr\/\",\"logo\":{\"@type\":\"ImageObject\",\"inLanguage\":\"tr\",\"@id\":\"https:\/\/www.konya24.tr\/tr-tr\/#\/schema\/logo\/image\/\",\"url\":\"https:\/\/www.konya24.tr\/tr-tr\/wp-content\/uploads\/2023\/11\/konya-24-logo-228-x-100-acik.png\",\"contentUrl\":\"https:\/\/www.konya24.tr\/tr-tr\/wp-content\/uploads\/2023\/11\/konya-24-logo-228-x-100-acik.png\",\"width\":228,\"height\":100,\"caption\":\"Konya 24\"},\"image\":{\"@id\":\"https:\/\/www.konya24.tr\/tr-tr\/#\/schema\/logo\/image\/\"}},{\"@type\":\"Person\",\"@id\":\"https:\/\/www.konya24.tr\/tr-tr\/#\/schema\/person\/58d17f4d446be3e5e190d1735ca8c718\",\"name\":\"Haber Merkezi\",\"url\":\"https:\/\/www.konya24.tr\/tr-tr\/author\/habermerkezi\/\"}]}<\/script>\n<!-- \/ Yoast SEO plugin. -->","yoast_head_json":{"title":"Konya B\u00fcy\u00fck\u015fehir Belediye Ba\u015fkan\u0131 Altay\u2019dan \u00c7al\u0131\u015fan Gazeteciler G\u00fcn\u00fc mesaj\u0131","description":"Konya B\u00fcy\u00fck\u015fehir Belediye Ba\u015fkan\u0131 U\u011fur \u0130brahim Altay, 10 Ocak \u00c7al\u0131\u015fan Gazeteciler G\u00fcn\u00fc dolay\u0131s\u0131yla mesaj payla\u015ft\u0131","robots":{"index":"index","follow":"follow","max-snippet":"max-snippet:-1","max-image-preview":"max-image-preview:large","max-video-preview":"max-video-preview:-1"},"canonical":"https:\/\/www.konya24.tr\/tr-tr\/konya\/konya-buyuksehir-belediye-baskani-altaydan-calisan-gazeteciler-gunu-mesaji\/922\/","og_locale":"tr_TR","og_type":"article","og_title":"Konya B\u00fcy\u00fck\u015fehir Belediye Ba\u015fkan\u0131 Altay\u2019dan \u00c7al\u0131\u015fan Gazeteciler G\u00fcn\u00fc mesaj\u0131","og_description":"Konya B\u00fcy\u00fck\u015fehir Belediye Ba\u015fkan\u0131 U\u011fur \u0130brahim Altay, 10 Ocak \u00c7al\u0131\u015fan Gazeteciler G\u00fcn\u00fc dolay\u0131s\u0131yla mesaj payla\u015ft\u0131","og_url":"https:\/\/www.konya24.tr\/tr-tr\/konya\/konya-buyuksehir-belediye-baskani-altaydan-calisan-gazeteciler-gunu-mesaji\/922\/","og_site_name":"Konya 24","article_published_time":"2024-01-09T19:39:56+00:00","article_modified_time":"2024-01-10T12:39:21+00:00","og_image":[{"width":1280,"height":853,"url":"https:\/\/www.konya24.tr\/tr-tr\/wp-content\/uploads\/2024\/01\/altay.jpg","type":"image\/jpeg"}],"author":"Haber Merkezi","twitter_card":"summary_large_image","twitter_misc":{"Yazan:":"Haber Merkezi","Tahmini okuma s\u00fcresi":"2 dakika"},"schema":{"@context":"https:\/\/schema.org","@graph":[{"@type":"NewsArticle","@id":"https:\/\/www.konya24.tr\/tr-tr\/konya\/konya-buyuksehir-belediye-baskani-altaydan-calisan-gazeteciler-gunu-mesaji\/922\/#article","isPartOf":{"@id":"https:\/\/www.konya24.tr\/tr-tr\/konya\/konya-buyuksehir-belediye-baskani-altaydan-calisan-gazeteciler-gunu-mesaji\/922\/"},"author":{"name":"Haber Merkezi","@id":"https:\/\/www.konya24.tr\/tr-tr\/#\/schema\/person\/58d17f4d446be3e5e190d1735ca8c718"},"headline":"Konya B\u00fcy\u00fck\u015fehir Belediye Ba\u015fkan\u0131 Altay\u2019dan \u00c7al\u0131\u015fan Gazeteciler G\u00fcn\u00fc mesaj\u0131","datePublished":"2024-01-09T19:39:56+00:00","dateModified":"2024-01-10T12:39:21+00:00","mainEntityOfPage":{"@id":"https:\/\/www.konya24.tr\/tr-tr\/konya\/konya-buyuksehir-belediye-baskani-altaydan-calisan-gazeteciler-gunu-mesaji\/922\/"},"wordCount":352,"publisher":{"@id":"https:\/\/www.konya24.tr\/tr-tr\/#organization"},"image":{"@id":"https:\/\/www.konya24.tr\/tr-tr\/konya\/konya-buyuksehir-belediye-baskani-altaydan-calisan-gazeteciler-gunu-mesaji\/922\/#primaryimage"},"thumbnailUrl":"https:\/\/www.konya24.tr\/tr-tr\/wp-content\/uploads\/2024\/01\/altay.jpg","keywords":["Konya B\u00fcy\u00fck\u015fehir Belediyesi","U\u011fur \u0130brahim Altay"],"articleSection":["Konya"],"inLanguage":"tr"},{"@type":"WebPage","@id":"https:\/\/www.konya24.tr\/tr-tr\/konya\/konya-buyuksehir-belediye-baskani-altaydan-calisan-gazeteciler-gunu-mesaji\/922\/","url":"https:\/\/www.konya24.tr\/tr-tr\/konya\/konya-buyuksehir-belediye-baskani-altaydan-calisan-gazeteciler-gunu-mesaji\/922\/","name":"Konya B\u00fcy\u00fck\u015fehir Belediye Ba\u015fkan\u0131 Altay\u2019dan \u00c7al\u0131\u015fan Gazeteciler G\u00fcn\u00fc mesaj\u0131","isPartOf":{"@id":"https:\/\/www.konya24.tr\/tr-tr\/#website"},"primaryImageOfPage":{"@id":"https:\/\/www.konya24.tr\/tr-tr\/konya\/konya-buyuksehir-belediye-baskani-altaydan-calisan-gazeteciler-gunu-mesaji\/922\/#primaryimage"},"image":{"@id":"https:\/\/www.konya24.tr\/tr-tr\/konya\/konya-buyuksehir-belediye-baskani-altaydan-calisan-gazeteciler-gunu-mesaji\/922\/#primaryimage"},"thumbnailUrl":"https:\/\/www.konya24.tr\/tr-tr\/wp-content\/uploads\/2024\/01\/altay.jpg","datePublished":"2024-01-09T19:39:56+00:00","dateModified":"2024-01-10T12:39:21+00:00","description":"Konya B\u00fcy\u00fck\u015fehir Belediye Ba\u015fkan\u0131 U\u011fur \u0130brahim Altay, 10 Ocak \u00c7al\u0131\u015fan Gazeteciler G\u00fcn\u00fc dolay\u0131s\u0131yla mesaj payla\u015ft\u0131","breadcrumb":{"@id":"https:\/\/www.konya24.tr\/tr-tr\/konya\/konya-buyuksehir-belediye-baskani-altaydan-calisan-gazeteciler-gunu-mesaji\/922\/#breadcrumb"},"inLanguage":"tr","potentialAction":[{"@type":"ReadAction","target":["https:\/\/www.konya24.tr\/tr-tr\/konya\/konya-buyuksehir-belediye-baskani-altaydan-calisan-gazeteciler-gunu-mesaji\/922\/"]}]},{"@type":"ImageObject","inLanguage":"tr","@id":"https:\/\/www.konya24.tr\/tr-tr\/konya\/konya-buyuksehir-belediye-baskani-altaydan-calisan-gazeteciler-gunu-mesaji\/922\/#primaryimage","url":"https:\/\/www.konya24.tr\/tr-tr\/wp-content\/uploads\/2024\/01\/altay.jpg","contentUrl":"https:\/\/www.konya24.tr\/tr-tr\/wp-content\/uploads\/2024\/01\/altay.jpg","width":1280,"height":853},{"@type":"BreadcrumbList","@id":"https:\/\/www.konya24.tr\/tr-tr\/konya\/konya-buyuksehir-belediye-baskani-altaydan-calisan-gazeteciler-gunu-mesaji\/922\/#breadcrumb","itemListElement":[{"@type":"ListItem","position":1,"name":"Home","item":"https:\/\/www.konya24.tr\/tr-tr\/"},{"@type":"ListItem","position":2,"name":"Konya B\u00fcy\u00fck\u015fehir Belediye Ba\u015fkan\u0131 Altay\u2019dan \u00c7al\u0131\u015fan Gazeteciler G\u00fcn\u00fc mesaj\u0131"}]},{"@type":"WebSite","@id":"https:\/\/www.konya24.tr\/tr-tr\/#website","url":"https:\/\/www.konya24.tr\/tr-tr\/","name":"Konya 24","description":"","publisher":{"@id":"https:\/\/www.konya24.tr\/tr-tr\/#organization"},"potentialAction":[{"@type":"SearchAction","target":{"@type":"EntryPoint","urlTemplate":"https:\/\/www.konya24.tr\/tr-tr\/?s={search_term_string}"},"query-input":{"@type":"PropertyValueSpecification","valueRequired":true,"valueName":"search_term_string"}}],"inLanguage":"tr"},{"@type":"Organization","@id":"https:\/\/www.konya24.tr\/tr-tr\/#organization","name":"Konya 24","url":"https:\/\/www.konya24.tr\/tr-tr\/","logo":{"@type":"ImageObject","inLanguage":"tr","@id":"https:\/\/www.konya24.tr\/tr-tr\/#\/schema\/logo\/image\/","url":"https:\/\/www.konya24.tr\/tr-tr\/wp-content\/uploads\/2023\/11\/konya-24-logo-228-x-100-acik.png","contentUrl":"https:\/\/www.konya24.tr\/tr-tr\/wp-content\/uploads\/2023\/11\/konya-24-logo-228-x-100-acik.png","width":228,"height":100,"caption":"Konya 24"},"image":{"@id":"https:\/\/www.konya24.tr\/tr-tr\/#\/schema\/logo\/image\/"}},{"@type":"Person","@id":"https:\/\/www.konya24.tr\/tr-tr\/#\/schema\/person\/58d17f4d446be3e5e190d1735ca8c718","name":"Haber Merkezi","url":"https:\/\/www.konya24.tr\/tr-tr\/author\/habermerkezi\/"}]}},"_links":{"self":[{"href":"https:\/\/www.konya24.tr\/tr-tr\/wp-json\/wp\/v2\/posts\/922","targetHints":{"allow":["GET"]}}],"collection":[{"href":"https:\/\/www.konya24.tr\/tr-tr\/wp-json\/wp\/v2\/posts"}],"about":[{"href":"https:\/\/www.konya24.tr\/tr-tr\/wp-json\/wp\/v2\/types\/post"}],"author":[{"embeddable":true,"href":"https:\/\/www.konya24.tr\/tr-tr\/wp-json\/wp\/v2\/users\/4"}],"replies":[{"embeddable":true,"href":"https:\/\/www.konya24.tr\/tr-tr\/wp-json\/wp\/v2\/comments?post=922"}],"version-history":[{"count":0,"href":"https:\/\/www.konya24.tr\/tr-tr\/wp-json\/wp\/v2\/posts\/922\/revisions"}],"wp:featuredmedia":[{"embeddable":true,"href":"https:\/\/www.konya24.tr\/tr-tr\/wp-json\/wp\/v2\/media\/808"}],"wp:attachment":[{"href":"https:\/\/www.konya24.tr\/tr-tr\/wp-json\/wp\/v2\/media?parent=922"}],"wp:term":[{"taxonomy":"category","embeddable":true,"href":"https:\/\/www.konya24.tr\/tr-tr\/wp-json\/wp\/v2\/categories?post=922"},{"taxonomy":"post_tag","embeddable":true,"href":"https:\/\/www.konya24.tr\/tr-tr\/wp-json\/wp\/v2\/tags?post=922"}],"curies":[{"name":"wp","href":"https:\/\/api.w.org\/{rel}","templated":true}]}}