{"id":978,"date":"2024-01-11T23:08:07","date_gmt":"2024-01-11T20:08:07","guid":{"rendered":"https:\/\/www.konya24.com\/tr-int\/?p=978"},"modified":"2024-01-11T23:08:07","modified_gmt":"2024-01-11T20:08:07","slug":"selcuklu-belediye-baskani-pekyatirmaci-sivlilik-dagitti","status":"publish","type":"post","link":"https:\/\/www.konya24.tr\/tr-tr\/selcuklu\/selcuklu-belediye-baskani-pekyatirmaci-sivlilik-dagitti\/978\/","title":{"rendered":"Sel\u00e7uklu Belediye Ba\u015fkan\u0131 Pekyat\u0131rmac\u0131, \u015fivlilik da\u011f\u0131tt\u0131"},"content":{"rendered":"<p>Konya&#8217;da \u00fc\u00e7 aylar\u0131n ba\u015flang\u0131c\u0131 olan ve kadim \u015fivlilik gelene\u011fi \u00e7ocuklar taraf\u0131ndan co\u015fku ile kutlan\u0131yor. Sabah erken saatlere b\u00fcy\u00fck bir heyecan ile mahalle ve sokaklar\u0131 dola\u015fan \u00e7ocuklar b\u00fcy\u00fcklerin kandilini kutlarken kendilerine ikram edilen \u015fivlilik ile sevindiriliyor.<\/p>\n<p>Sel\u00e7uklu Belediye Ba\u015fkan\u0131 Ahmet Pekyat\u0131rmac\u0131 da da\u011f\u0131tt\u0131\u011f\u0131 \u015fivlilik ile \u00e7ocuklar\u0131n bu co\u015fkusuna ortak oldu. Ba\u015fkan Pekyat\u0131rmac\u0131, sabah\u0131n erken saatlerde belediye hizmet binas\u0131na gelen \u00e7ocuklar\u0131 kar\u015f\u0131layarak onlara \u015fivlilik ikram etti.<\/p>\n<p>\u015eivlili\u011fin Konya&#8217;da ya\u015fat\u0131lan g\u00fczel bir gelenek oldu\u011funu ve Konya sokaklar\u0131nda ayr\u0131 bir co\u015fku ve bereket ya\u015fand\u0131\u011f\u0131n\u0131 ifade eden Ba\u015fkan Pekyat\u0131rmac\u0131, &#8220;\u015eivlilik heyecan\u0131n\u0131 \u00e7ocuklar\u0131m\u0131zla birlikte ya\u015fad\u0131k. Biz \u015eivliliklerimizi ikram ettik, onlarda tebess\u00fcmlerini.. Rabbim \u00e7ocuklar\u0131m\u0131z\u0131n y\u00fcz\u00fcndeki tebess\u00fcm\u00fc eksik etmesin &#8221; dedi.<\/p>\n","protected":false},"excerpt":{"rendered":"<p>Sel\u00e7uklu Belediye Ba\u015fkan\u0131 Ahmet Pekyat\u0131rmac\u0131, \u015fivlilik da\u011f\u0131tarak \u00e7ocuklar\u0131 sevindirdi<\/p>\n","protected":false},"author":4,"featured_media":979,"comment_status":"closed","ping_status":"open","sticky":false,"template":"","format":"standard","meta":{"footnotes":""},"categories":[34],"tags":[176,177],"class_list":["post-978","post","type-post","status-publish","format-standard","has-post-thumbnail","hentry","category-selcuklu","tag-ahmet-pekyatirmaci","tag-selcuklu-belediyesi"],"yoast_head":"<!-- This site is optimized with the Yoast SEO plugin v26.7 - https:\/\/yoast.com\/wordpress\/plugins\/seo\/ -->\n<title>Sel\u00e7uklu Belediye Ba\u015fkan\u0131 Pekyat\u0131rmac\u0131, \u015fivlilik da\u011f\u0131tt\u0131<\/title>\n<meta name=\"description\" content=\"Sel\u00e7uklu Belediye Ba\u015fkan\u0131 Ahmet Pekyat\u0131rmac\u0131, \u015fivlilik da\u011f\u0131tarak \u00e7ocuklar\u0131 sevindirdi\" \/>\n<meta name=\"robots\" content=\"index, follow, max-snippet:-1, max-image-preview:large, max-video-preview:-1\" \/>\n<link rel=\"canonical\" href=\"https:\/\/www.konya24.tr\/tr-tr\/selcuklu\/selcuklu-belediye-baskani-pekyatirmaci-sivlilik-dagitti\/978\/\" \/>\n<meta property=\"og:locale\" content=\"tr_TR\" \/>\n<meta property=\"og:type\" content=\"article\" \/>\n<meta property=\"og:title\" content=\"Sel\u00e7uklu Belediye Ba\u015fkan\u0131 Pekyat\u0131rmac\u0131, \u015fivlilik da\u011f\u0131tt\u0131\" \/>\n<meta property=\"og:description\" content=\"Sel\u00e7uklu Belediye Ba\u015fkan\u0131 Ahmet Pekyat\u0131rmac\u0131, \u015fivlilik da\u011f\u0131tarak \u00e7ocuklar\u0131 sevindirdi\" \/>\n<meta property=\"og:url\" content=\"https:\/\/www.konya24.tr\/tr-tr\/selcuklu\/selcuklu-belediye-baskani-pekyatirmaci-sivlilik-dagitti\/978\/\" \/>\n<meta property=\"og:site_name\" content=\"Konya 24\" \/>\n<meta property=\"article:published_time\" content=\"2024-01-11T20:08:07+00:00\" \/>\n<meta property=\"og:image\" content=\"https:\/\/www.konya24.tr\/tr-tr\/wp-content\/uploads\/2024\/01\/DSC_2856.jpg\" \/>\n\t<meta property=\"og:image:width\" content=\"1262\" \/>\n\t<meta property=\"og:image:height\" content=\"840\" \/>\n\t<meta property=\"og:image:type\" content=\"image\/jpeg\" \/>\n<meta name=\"author\" content=\"Haber Merkezi\" \/>\n<meta name=\"twitter:card\" content=\"summary_large_image\" \/>\n<meta name=\"twitter:label1\" content=\"Yazan:\" \/>\n\t<meta name=\"twitter:data1\" content=\"Haber Merkezi\" \/>\n\t<meta name=\"twitter:label2\" content=\"Tahmini okuma s\u00fcresi\" \/>\n\t<meta name=\"twitter:data2\" content=\"1 dakika\" \/>\n<script type=\"application\/ld+json\" class=\"yoast-schema-graph\">{\"@context\":\"https:\/\/schema.org\",\"@graph\":[{\"@type\":\"NewsArticle\",\"@id\":\"https:\/\/www.konya24.tr\/tr-tr\/selcuklu\/selcuklu-belediye-baskani-pekyatirmaci-sivlilik-dagitti\/978\/#article\",\"isPartOf\":{\"@id\":\"https:\/\/www.konya24.tr\/tr-tr\/selcuklu\/selcuklu-belediye-baskani-pekyatirmaci-sivlilik-dagitti\/978\/\"},\"author\":{\"name\":\"Haber Merkezi\",\"@id\":\"https:\/\/www.konya24.tr\/tr-tr\/#\/schema\/person\/58d17f4d446be3e5e190d1735ca8c718\"},\"headline\":\"Sel\u00e7uklu Belediye Ba\u015fkan\u0131 Pekyat\u0131rmac\u0131, \u015fivlilik da\u011f\u0131tt\u0131\",\"datePublished\":\"2024-01-11T20:08:07+00:00\",\"mainEntityOfPage\":{\"@id\":\"https:\/\/www.konya24.tr\/tr-tr\/selcuklu\/selcuklu-belediye-baskani-pekyatirmaci-sivlilik-dagitti\/978\/\"},\"wordCount\":159,\"publisher\":{\"@id\":\"https:\/\/www.konya24.tr\/tr-tr\/#organization\"},\"image\":{\"@id\":\"https:\/\/www.konya24.tr\/tr-tr\/selcuklu\/selcuklu-belediye-baskani-pekyatirmaci-sivlilik-dagitti\/978\/#primaryimage\"},\"thumbnailUrl\":\"https:\/\/www.konya24.tr\/tr-tr\/wp-content\/uploads\/2024\/01\/DSC_2856.jpg\",\"keywords\":[\"Ahmet Pekyat\u0131rmac\u0131\",\"Sel\u00e7uklu Belediyesi\"],\"articleSection\":[\"Sel\u00e7uklu\"],\"inLanguage\":\"tr\"},{\"@type\":\"WebPage\",\"@id\":\"https:\/\/www.konya24.tr\/tr-tr\/selcuklu\/selcuklu-belediye-baskani-pekyatirmaci-sivlilik-dagitti\/978\/\",\"url\":\"https:\/\/www.konya24.tr\/tr-tr\/selcuklu\/selcuklu-belediye-baskani-pekyatirmaci-sivlilik-dagitti\/978\/\",\"name\":\"Sel\u00e7uklu Belediye Ba\u015fkan\u0131 Pekyat\u0131rmac\u0131, \u015fivlilik da\u011f\u0131tt\u0131\",\"isPartOf\":{\"@id\":\"https:\/\/www.konya24.tr\/tr-tr\/#website\"},\"primaryImageOfPage\":{\"@id\":\"https:\/\/www.konya24.tr\/tr-tr\/selcuklu\/selcuklu-belediye-baskani-pekyatirmaci-sivlilik-dagitti\/978\/#primaryimage\"},\"image\":{\"@id\":\"https:\/\/www.konya24.tr\/tr-tr\/selcuklu\/selcuklu-belediye-baskani-pekyatirmaci-sivlilik-dagitti\/978\/#primaryimage\"},\"thumbnailUrl\":\"https:\/\/www.konya24.tr\/tr-tr\/wp-content\/uploads\/2024\/01\/DSC_2856.jpg\",\"datePublished\":\"2024-01-11T20:08:07+00:00\",\"description\":\"Sel\u00e7uklu Belediye Ba\u015fkan\u0131 Ahmet Pekyat\u0131rmac\u0131, \u015fivlilik da\u011f\u0131tarak \u00e7ocuklar\u0131 sevindirdi\",\"breadcrumb\":{\"@id\":\"https:\/\/www.konya24.tr\/tr-tr\/selcuklu\/selcuklu-belediye-baskani-pekyatirmaci-sivlilik-dagitti\/978\/#breadcrumb\"},\"inLanguage\":\"tr\",\"potentialAction\":[{\"@type\":\"ReadAction\",\"target\":[\"https:\/\/www.konya24.tr\/tr-tr\/selcuklu\/selcuklu-belediye-baskani-pekyatirmaci-sivlilik-dagitti\/978\/\"]}]},{\"@type\":\"ImageObject\",\"inLanguage\":\"tr\",\"@id\":\"https:\/\/www.konya24.tr\/tr-tr\/selcuklu\/selcuklu-belediye-baskani-pekyatirmaci-sivlilik-dagitti\/978\/#primaryimage\",\"url\":\"https:\/\/www.konya24.tr\/tr-tr\/wp-content\/uploads\/2024\/01\/DSC_2856.jpg\",\"contentUrl\":\"https:\/\/www.konya24.tr\/tr-tr\/wp-content\/uploads\/2024\/01\/DSC_2856.jpg\",\"width\":1262,\"height\":840},{\"@type\":\"BreadcrumbList\",\"@id\":\"https:\/\/www.konya24.tr\/tr-tr\/selcuklu\/selcuklu-belediye-baskani-pekyatirmaci-sivlilik-dagitti\/978\/#breadcrumb\",\"itemListElement\":[{\"@type\":\"ListItem\",\"position\":1,\"name\":\"Home\",\"item\":\"https:\/\/www.konya24.tr\/tr-tr\/\"},{\"@type\":\"ListItem\",\"position\":2,\"name\":\"Sel\u00e7uklu Belediye Ba\u015fkan\u0131 Pekyat\u0131rmac\u0131, \u015fivlilik da\u011f\u0131tt\u0131\"}]},{\"@type\":\"WebSite\",\"@id\":\"https:\/\/www.konya24.tr\/tr-tr\/#website\",\"url\":\"https:\/\/www.konya24.tr\/tr-tr\/\",\"name\":\"Konya 24\",\"description\":\"\",\"publisher\":{\"@id\":\"https:\/\/www.konya24.tr\/tr-tr\/#organization\"},\"potentialAction\":[{\"@type\":\"SearchAction\",\"target\":{\"@type\":\"EntryPoint\",\"urlTemplate\":\"https:\/\/www.konya24.tr\/tr-tr\/?s={search_term_string}\"},\"query-input\":{\"@type\":\"PropertyValueSpecification\",\"valueRequired\":true,\"valueName\":\"search_term_string\"}}],\"inLanguage\":\"tr\"},{\"@type\":\"Organization\",\"@id\":\"https:\/\/www.konya24.tr\/tr-tr\/#organization\",\"name\":\"Konya 24\",\"url\":\"https:\/\/www.konya24.tr\/tr-tr\/\",\"logo\":{\"@type\":\"ImageObject\",\"inLanguage\":\"tr\",\"@id\":\"https:\/\/www.konya24.tr\/tr-tr\/#\/schema\/logo\/image\/\",\"url\":\"https:\/\/www.konya24.tr\/tr-tr\/wp-content\/uploads\/2023\/11\/konya-24-logo-228-x-100-acik.png\",\"contentUrl\":\"https:\/\/www.konya24.tr\/tr-tr\/wp-content\/uploads\/2023\/11\/konya-24-logo-228-x-100-acik.png\",\"width\":228,\"height\":100,\"caption\":\"Konya 24\"},\"image\":{\"@id\":\"https:\/\/www.konya24.tr\/tr-tr\/#\/schema\/logo\/image\/\"}},{\"@type\":\"Person\",\"@id\":\"https:\/\/www.konya24.tr\/tr-tr\/#\/schema\/person\/58d17f4d446be3e5e190d1735ca8c718\",\"name\":\"Haber Merkezi\",\"url\":\"https:\/\/www.konya24.tr\/tr-tr\/author\/habermerkezi\/\"}]}<\/script>\n<!-- \/ Yoast SEO plugin. -->","yoast_head_json":{"title":"Sel\u00e7uklu Belediye Ba\u015fkan\u0131 Pekyat\u0131rmac\u0131, \u015fivlilik da\u011f\u0131tt\u0131","description":"Sel\u00e7uklu Belediye Ba\u015fkan\u0131 Ahmet Pekyat\u0131rmac\u0131, \u015fivlilik da\u011f\u0131tarak \u00e7ocuklar\u0131 sevindirdi","robots":{"index":"index","follow":"follow","max-snippet":"max-snippet:-1","max-image-preview":"max-image-preview:large","max-video-preview":"max-video-preview:-1"},"canonical":"https:\/\/www.konya24.tr\/tr-tr\/selcuklu\/selcuklu-belediye-baskani-pekyatirmaci-sivlilik-dagitti\/978\/","og_locale":"tr_TR","og_type":"article","og_title":"Sel\u00e7uklu Belediye Ba\u015fkan\u0131 Pekyat\u0131rmac\u0131, \u015fivlilik da\u011f\u0131tt\u0131","og_description":"Sel\u00e7uklu Belediye Ba\u015fkan\u0131 Ahmet Pekyat\u0131rmac\u0131, \u015fivlilik da\u011f\u0131tarak \u00e7ocuklar\u0131 sevindirdi","og_url":"https:\/\/www.konya24.tr\/tr-tr\/selcuklu\/selcuklu-belediye-baskani-pekyatirmaci-sivlilik-dagitti\/978\/","og_site_name":"Konya 24","article_published_time":"2024-01-11T20:08:07+00:00","og_image":[{"width":1262,"height":840,"url":"https:\/\/www.konya24.tr\/tr-tr\/wp-content\/uploads\/2024\/01\/DSC_2856.jpg","type":"image\/jpeg"}],"author":"Haber Merkezi","twitter_card":"summary_large_image","twitter_misc":{"Yazan:":"Haber Merkezi","Tahmini okuma s\u00fcresi":"1 dakika"},"schema":{"@context":"https:\/\/schema.org","@graph":[{"@type":"NewsArticle","@id":"https:\/\/www.konya24.tr\/tr-tr\/selcuklu\/selcuklu-belediye-baskani-pekyatirmaci-sivlilik-dagitti\/978\/#article","isPartOf":{"@id":"https:\/\/www.konya24.tr\/tr-tr\/selcuklu\/selcuklu-belediye-baskani-pekyatirmaci-sivlilik-dagitti\/978\/"},"author":{"name":"Haber Merkezi","@id":"https:\/\/www.konya24.tr\/tr-tr\/#\/schema\/person\/58d17f4d446be3e5e190d1735ca8c718"},"headline":"Sel\u00e7uklu Belediye Ba\u015fkan\u0131 Pekyat\u0131rmac\u0131, \u015fivlilik da\u011f\u0131tt\u0131","datePublished":"2024-01-11T20:08:07+00:00","mainEntityOfPage":{"@id":"https:\/\/www.konya24.tr\/tr-tr\/selcuklu\/selcuklu-belediye-baskani-pekyatirmaci-sivlilik-dagitti\/978\/"},"wordCount":159,"publisher":{"@id":"https:\/\/www.konya24.tr\/tr-tr\/#organization"},"image":{"@id":"https:\/\/www.konya24.tr\/tr-tr\/selcuklu\/selcuklu-belediye-baskani-pekyatirmaci-sivlilik-dagitti\/978\/#primaryimage"},"thumbnailUrl":"https:\/\/www.konya24.tr\/tr-tr\/wp-content\/uploads\/2024\/01\/DSC_2856.jpg","keywords":["Ahmet Pekyat\u0131rmac\u0131","Sel\u00e7uklu Belediyesi"],"articleSection":["Sel\u00e7uklu"],"inLanguage":"tr"},{"@type":"WebPage","@id":"https:\/\/www.konya24.tr\/tr-tr\/selcuklu\/selcuklu-belediye-baskani-pekyatirmaci-sivlilik-dagitti\/978\/","url":"https:\/\/www.konya24.tr\/tr-tr\/selcuklu\/selcuklu-belediye-baskani-pekyatirmaci-sivlilik-dagitti\/978\/","name":"Sel\u00e7uklu Belediye Ba\u015fkan\u0131 Pekyat\u0131rmac\u0131, \u015fivlilik da\u011f\u0131tt\u0131","isPartOf":{"@id":"https:\/\/www.konya24.tr\/tr-tr\/#website"},"primaryImageOfPage":{"@id":"https:\/\/www.konya24.tr\/tr-tr\/selcuklu\/selcuklu-belediye-baskani-pekyatirmaci-sivlilik-dagitti\/978\/#primaryimage"},"image":{"@id":"https:\/\/www.konya24.tr\/tr-tr\/selcuklu\/selcuklu-belediye-baskani-pekyatirmaci-sivlilik-dagitti\/978\/#primaryimage"},"thumbnailUrl":"https:\/\/www.konya24.tr\/tr-tr\/wp-content\/uploads\/2024\/01\/DSC_2856.jpg","datePublished":"2024-01-11T20:08:07+00:00","description":"Sel\u00e7uklu Belediye Ba\u015fkan\u0131 Ahmet Pekyat\u0131rmac\u0131, \u015fivlilik da\u011f\u0131tarak \u00e7ocuklar\u0131 sevindirdi","breadcrumb":{"@id":"https:\/\/www.konya24.tr\/tr-tr\/selcuklu\/selcuklu-belediye-baskani-pekyatirmaci-sivlilik-dagitti\/978\/#breadcrumb"},"inLanguage":"tr","potentialAction":[{"@type":"ReadAction","target":["https:\/\/www.konya24.tr\/tr-tr\/selcuklu\/selcuklu-belediye-baskani-pekyatirmaci-sivlilik-dagitti\/978\/"]}]},{"@type":"ImageObject","inLanguage":"tr","@id":"https:\/\/www.konya24.tr\/tr-tr\/selcuklu\/selcuklu-belediye-baskani-pekyatirmaci-sivlilik-dagitti\/978\/#primaryimage","url":"https:\/\/www.konya24.tr\/tr-tr\/wp-content\/uploads\/2024\/01\/DSC_2856.jpg","contentUrl":"https:\/\/www.konya24.tr\/tr-tr\/wp-content\/uploads\/2024\/01\/DSC_2856.jpg","width":1262,"height":840},{"@type":"BreadcrumbList","@id":"https:\/\/www.konya24.tr\/tr-tr\/selcuklu\/selcuklu-belediye-baskani-pekyatirmaci-sivlilik-dagitti\/978\/#breadcrumb","itemListElement":[{"@type":"ListItem","position":1,"name":"Home","item":"https:\/\/www.konya24.tr\/tr-tr\/"},{"@type":"ListItem","position":2,"name":"Sel\u00e7uklu Belediye Ba\u015fkan\u0131 Pekyat\u0131rmac\u0131, \u015fivlilik da\u011f\u0131tt\u0131"}]},{"@type":"WebSite","@id":"https:\/\/www.konya24.tr\/tr-tr\/#website","url":"https:\/\/www.konya24.tr\/tr-tr\/","name":"Konya 24","description":"","publisher":{"@id":"https:\/\/www.konya24.tr\/tr-tr\/#organization"},"potentialAction":[{"@type":"SearchAction","target":{"@type":"EntryPoint","urlTemplate":"https:\/\/www.konya24.tr\/tr-tr\/?s={search_term_string}"},"query-input":{"@type":"PropertyValueSpecification","valueRequired":true,"valueName":"search_term_string"}}],"inLanguage":"tr"},{"@type":"Organization","@id":"https:\/\/www.konya24.tr\/tr-tr\/#organization","name":"Konya 24","url":"https:\/\/www.konya24.tr\/tr-tr\/","logo":{"@type":"ImageObject","inLanguage":"tr","@id":"https:\/\/www.konya24.tr\/tr-tr\/#\/schema\/logo\/image\/","url":"https:\/\/www.konya24.tr\/tr-tr\/wp-content\/uploads\/2023\/11\/konya-24-logo-228-x-100-acik.png","contentUrl":"https:\/\/www.konya24.tr\/tr-tr\/wp-content\/uploads\/2023\/11\/konya-24-logo-228-x-100-acik.png","width":228,"height":100,"caption":"Konya 24"},"image":{"@id":"https:\/\/www.konya24.tr\/tr-tr\/#\/schema\/logo\/image\/"}},{"@type":"Person","@id":"https:\/\/www.konya24.tr\/tr-tr\/#\/schema\/person\/58d17f4d446be3e5e190d1735ca8c718","name":"Haber Merkezi","url":"https:\/\/www.konya24.tr\/tr-tr\/author\/habermerkezi\/"}]}},"_links":{"self":[{"href":"https:\/\/www.konya24.tr\/tr-tr\/wp-json\/wp\/v2\/posts\/978","targetHints":{"allow":["GET"]}}],"collection":[{"href":"https:\/\/www.konya24.tr\/tr-tr\/wp-json\/wp\/v2\/posts"}],"about":[{"href":"https:\/\/www.konya24.tr\/tr-tr\/wp-json\/wp\/v2\/types\/post"}],"author":[{"embeddable":true,"href":"https:\/\/www.konya24.tr\/tr-tr\/wp-json\/wp\/v2\/users\/4"}],"replies":[{"embeddable":true,"href":"https:\/\/www.konya24.tr\/tr-tr\/wp-json\/wp\/v2\/comments?post=978"}],"version-history":[{"count":0,"href":"https:\/\/www.konya24.tr\/tr-tr\/wp-json\/wp\/v2\/posts\/978\/revisions"}],"wp:featuredmedia":[{"embeddable":true,"href":"https:\/\/www.konya24.tr\/tr-tr\/wp-json\/wp\/v2\/media\/979"}],"wp:attachment":[{"href":"https:\/\/www.konya24.tr\/tr-tr\/wp-json\/wp\/v2\/media?parent=978"}],"wp:term":[{"taxonomy":"category","embeddable":true,"href":"https:\/\/www.konya24.tr\/tr-tr\/wp-json\/wp\/v2\/categories?post=978"},{"taxonomy":"post_tag","embeddable":true,"href":"https:\/\/www.konya24.tr\/tr-tr\/wp-json\/wp\/v2\/tags?post=978"}],"curies":[{"name":"wp","href":"https:\/\/api.w.org\/{rel}","templated":true}]}}